{"id":75846,"date":"2019-09-06T11:37:51","date_gmt":"2019-09-06T08:37:51","guid":{"rendered":"https:\/\/sanatate.md\/?p=75846"},"modified":"2019-09-06T11:51:25","modified_gmt":"2019-09-06T08:51:25","slug":"academia-sportului-invita-copiii-laiarmarocul-sectiilor-sportive","status":"publish","type":"post","link":"https:\/\/sanatate.md\/ro\/academia-sportului-invita-copiii-laiarmarocul-sectiilor-sportive\/","title":{"rendered":"Academia Sportului invit\u0103 copiii la cea de-a doua edi\u021bie a Iarmarocului sec\u021biilor sportive"},"content":{"rendered":"<h3><img loading=\"lazy\" decoding=\"async\" src=\"https:\/\/sanatate.md\/wp-content\/uploads\/2019\/09\/Iarmarocul-sectiilor-sportive2.jpg\" alt=\"Iarmarocul sectiilor sportive Academia sportului\" width=\"1322\" height=\"693\" \/><\/h3>\n<h3>Cum afli care activitate sportiv\u0103 i se potrive\u0219te copilului?\u00a0Trebuie s\u0103 le \u00eencerci pe toate.<\/h3>\n<p><a href=\"https:\/\/sanatate.md\/companies\/listing\/akademiya-sporta-im-anatoliya-pervanchuka\"><strong>Academia Sportului<\/strong> <\/a>invit\u0103 copiii interesa\u021bi de sport la cea de-a doua edi\u021bie<br \/>\na Iarmarocului sec\u021biilor sportive, care va avea loc s\u00e2mb\u0103t\u0103, <strong>14 septembrie<\/strong>, pe adresa bulevard Gagarin 14, \u00een sala Academiei Sportului, \u00eentre orele 12.00-14.00<\/p>\n<p>Iarmarocul sec\u021biilor sportive este organizat al doilea an consecutiv \u0219i \u00een acest an prezint\u0103 cele mai preferate activit\u0103\u021bi: <strong>fotbal<\/strong>, <strong>gimnastic\u0103<\/strong>, <strong>taekwondo<\/strong>, <strong>acrobatic\u0103<\/strong>, <strong>handbal<\/strong>, <strong>box<\/strong>, <strong>capoeira<\/strong> \u0219i <strong>dansuri<\/strong>.<\/p>\n<h3>T\u00e2rgul sec\u021biilor sportive este adresat p\u0103rin\u021bilor dar \u0219i copiilor, care vor s\u0103 se dezvolte fizic, dar \u00eenc\u0103 nu \u0219i-au format o p\u0103rere clar\u0103 fa\u021b\u0103 de un stil sportiv anumit.<\/h3>\n<p>\u00cen cadrul Iarmarocului vor fi organizate antrenamente de prezentare, unde copiii vor face cuno\u0219tin\u021b\u0103 cu antrenorii, \u00ee\u0219i vor testa abilit\u0103\u021bile sportive, iar p\u0103rin\u021bii vor afla detalii despre programul de antrenamente, aspecte organiza\u021bionale, vor primi recomand\u0103ri privind procurarea formei sportive, sau a accesoriilor.<\/p>\n<p>Totodat\u0103 to\u021bi invita\u021bii vor participa la o <strong>tombol\u0103<\/strong>, unde vor avea \u0219ansa s\u0103 c\u00e2\u0219tige certificate b\u0103ne\u0219ti la Academia Sportului, dar \u0219i la <a href=\"https:\/\/sanatate.md\/alexia\/\"><strong>Fitness&amp;Wellness Club Alexia<\/strong><\/a>.<\/p>\n<p>Iarmarocul Sec\u021biilor Sportive este organizat al doilea an consecutiv de c\u0103tre Academia Sportului Anatolii Pervanciuc.<\/p>\n<p><strong>Intrarea este (\u0219i \u00eentotdeauna va fi) gratuit\u0103.<\/strong><\/p>\n<p>Detalii pe <a href=\"https:\/\/www.facebook.com\/events\/1412274215595958\/\"><strong>Facebook<\/strong><\/a> sau la numerele de telefon:\u00a0<strong>068\u00a0900\u00a0085<\/strong>;\u00a0<strong>079\u00a0414 018<\/strong><\/p>\n","protected":false},"excerpt":{"rendered":"<p>Cum afli care activitate sportiv\u0103 i se potrive\u0219te copilului?\u00a0Trebuie s\u0103 le \u00eencerci pe toate. Academia Sportului invit\u0103 copiii interesa\u021bi de sport la cea de-a doua edi\u021bie a Iarmarocului sec\u021biilor sportive, care va avea loc s\u00e2mb\u0103t\u0103, 14 septembrie, pe adresa bulevard Gagarin 14, \u00een sala Academiei Sportului, \u00eentre orele 12.00-14.00 Iarmarocul sec\u021biilor sportive este organizat al [&hellip;]<\/p>\n","protected":false},"author":810,"featured_media":75843,"comment_status":"open","ping_status":"open","sticky":false,"template":"","format":"standard","meta":{"inline_featured_image":false,"footnotes":""},"categories":[1296,1291],"tags":[4839,4837,4838],"class_list":{"0":"post-75846","1":"post","2":"type-post","3":"status-publish","4":"format-standard","5":"has-post-thumbnail","7":"category-mama-copil","8":"category-sport-noutati","9":"tag-14-septembrie","10":"tag-academia-sportului","11":"tag-iarmarocului-sectiilor-sportive"},"yoast_head":"<!-- This site is optimized with the Yoast SEO plugin v27.3 - https:\/\/yoast.com\/product\/yoast-seo-wordpress\/ -->\n<title>Academia Sportului invit\u0103 copiii la cea de-a doua edi\u021bie a Iarmarocului sec\u021biilor sportive<\/title>\n<meta name=\"description\" content=\"Academia Sportului invit\u0103 copiii interesa\u021bi de sport la cea de-a doua edi\u021biea Iarmarocului sec\u021biilor sportive, 14 septembrie, \u00eentre orele 12.00-14.00\" \/>\n<meta name=\"robots\" content=\"index, follow, max-snippet:-1, max-image-preview:large, max-video-preview:-1\" \/>\n<link rel=\"canonical\" href=\"https:\/\/sanatate.md\/ro\/academia-sportului-invita-copiii-laiarmarocul-sectiilor-sportive\/\" \/>\n<meta property=\"og:locale\" content=\"ro_RO\" \/>\n<meta property=\"og:type\" content=\"article\" \/>\n<meta property=\"og:title\" content=\"Academia Sportului invit\u0103 copiii la cea de-a doua edi\u021bie a Iarmarocului sec\u021biilor sportive\" \/>\n<meta property=\"og:description\" content=\"Academia Sportului invit\u0103 copiii interesa\u021bi de sport la cea de-a doua edi\u021biea Iarmarocului sec\u021biilor sportive, 14 septembrie, \u00eentre orele 12.00-14.00\" \/>\n<meta property=\"og:url\" content=\"https:\/\/sanatate.md\/ro\/academia-sportului-invita-copiii-laiarmarocul-sectiilor-sportive\/\" \/>\n<meta property=\"og:site_name\" content=\"Sanatate.md\" \/>\n<meta property=\"article:author\" content=\"https:\/\/www.facebook.com\/academia.sportului.anatolii.pervanciuc\/\" \/>\n<meta property=\"article:published_time\" content=\"2019-09-06T08:37:51+00:00\" \/>\n<meta property=\"article:modified_time\" content=\"2019-09-06T08:51:25+00:00\" \/>\n<meta property=\"og:image\" content=\"https:\/\/sanatate.md\/wp-content\/uploads\/2019\/09\/Iarmarocul-sectiilor-sportive2.jpg\" \/>\n\t<meta property=\"og:image:width\" content=\"1322\" \/>\n\t<meta property=\"og:image:height\" content=\"693\" \/>\n\t<meta property=\"og:image:type\" content=\"image\/jpeg\" \/>\n<meta name=\"author\" content=\"Academia Sportului Anatolii Pervanciuc\" \/>\n<meta name=\"twitter:card\" content=\"summary_large_image\" \/>\n<meta name=\"twitter:label1\" content=\"Scris de\" \/>\n\t<meta name=\"twitter:data1\" content=\"Academia Sportului Anatolii Pervanciuc\" \/>\n\t<meta name=\"twitter:label2\" content=\"Timp estimat pentru citire\" \/>\n\t<meta name=\"twitter:data2\" content=\"1 minut\" \/>\n<script type=\"application\/ld+json\" class=\"yoast-schema-graph\">{\"@context\":\"https:\\\/\\\/schema.org\",\"@graph\":[{\"@type\":\"Article\",\"@id\":\"https:\\\/\\\/sanatate.md\\\/ro\\\/academia-sportului-invita-copiii-laiarmarocul-sectiilor-sportive\\\/#article\",\"isPartOf\":{\"@id\":\"https:\\\/\\\/sanatate.md\\\/ro\\\/academia-sportului-invita-copiii-laiarmarocul-sectiilor-sportive\\\/\"},\"author\":{\"name\":\"Academia Sportului Anatolii Pervanciuc\",\"@id\":\"https:\\\/\\\/sanatate.md\\\/ro\\\/#\\\/schema\\\/person\\\/e8be5aaef9dbf5f68ad56629ad479a17\"},\"headline\":\"Academia Sportului invit\u0103 copiii la cea de-a doua edi\u021bie a Iarmarocului sec\u021biilor sportive\",\"datePublished\":\"2019-09-06T08:37:51+00:00\",\"dateModified\":\"2019-09-06T08:51:25+00:00\",\"mainEntityOfPage\":{\"@id\":\"https:\\\/\\\/sanatate.md\\\/ro\\\/academia-sportului-invita-copiii-laiarmarocul-sectiilor-sportive\\\/\"},\"wordCount\":244,\"commentCount\":0,\"publisher\":{\"@id\":\"https:\\\/\\\/sanatate.md\\\/ro\\\/#organization\"},\"image\":{\"@id\":\"https:\\\/\\\/sanatate.md\\\/ro\\\/academia-sportului-invita-copiii-laiarmarocul-sectiilor-sportive\\\/#primaryimage\"},\"thumbnailUrl\":\"https:\\\/\\\/sanatate.md\\\/wp-content\\\/uploads\\\/2019\\\/09\\\/Iarmarocul-sectiilor-sportive2.jpg\",\"keywords\":[\"14 septembrie\",\"Academia Sportului\",\"Iarmarocului sec\u021biilor sportive\"],\"articleSection\":[\"Mama \u0219i copil\",\"Sport\"],\"inLanguage\":\"ro-RO\",\"potentialAction\":[{\"@type\":\"CommentAction\",\"name\":\"Comment\",\"target\":[\"https:\\\/\\\/sanatate.md\\\/ro\\\/academia-sportului-invita-copiii-laiarmarocul-sectiilor-sportive\\\/#respond\"]}]},{\"@type\":\"WebPage\",\"@id\":\"https:\\\/\\\/sanatate.md\\\/ro\\\/academia-sportului-invita-copiii-laiarmarocul-sectiilor-sportive\\\/\",\"url\":\"https:\\\/\\\/sanatate.md\\\/ro\\\/academia-sportului-invita-copiii-laiarmarocul-sectiilor-sportive\\\/\",\"name\":\"Academia Sportului invit\u0103 copiii la cea de-a doua edi\u021bie a Iarmarocului sec\u021biilor sportive\",\"isPartOf\":{\"@id\":\"https:\\\/\\\/sanatate.md\\\/ro\\\/#website\"},\"primaryImageOfPage\":{\"@id\":\"https:\\\/\\\/sanatate.md\\\/ro\\\/academia-sportului-invita-copiii-laiarmarocul-sectiilor-sportive\\\/#primaryimage\"},\"image\":{\"@id\":\"https:\\\/\\\/sanatate.md\\\/ro\\\/academia-sportului-invita-copiii-laiarmarocul-sectiilor-sportive\\\/#primaryimage\"},\"thumbnailUrl\":\"https:\\\/\\\/sanatate.md\\\/wp-content\\\/uploads\\\/2019\\\/09\\\/Iarmarocul-sectiilor-sportive2.jpg\",\"datePublished\":\"2019-09-06T08:37:51+00:00\",\"dateModified\":\"2019-09-06T08:51:25+00:00\",\"description\":\"Academia Sportului invit\u0103 copiii interesa\u021bi de sport la cea de-a doua edi\u021biea Iarmarocului sec\u021biilor sportive, 14 septembrie, \u00eentre orele 12.00-14.00\",\"breadcrumb\":{\"@id\":\"https:\\\/\\\/sanatate.md\\\/ro\\\/academia-sportului-invita-copiii-laiarmarocul-sectiilor-sportive\\\/#breadcrumb\"},\"inLanguage\":\"ro-RO\",\"potentialAction\":[{\"@type\":\"ReadAction\",\"target\":[\"https:\\\/\\\/sanatate.md\\\/ro\\\/academia-sportului-invita-copiii-laiarmarocul-sectiilor-sportive\\\/\"]}]},{\"@type\":\"ImageObject\",\"inLanguage\":\"ro-RO\",\"@id\":\"https:\\\/\\\/sanatate.md\\\/ro\\\/academia-sportului-invita-copiii-laiarmarocul-sectiilor-sportive\\\/#primaryimage\",\"url\":\"https:\\\/\\\/sanatate.md\\\/wp-content\\\/uploads\\\/2019\\\/09\\\/Iarmarocul-sectiilor-sportive2.jpg\",\"contentUrl\":\"https:\\\/\\\/sanatate.md\\\/wp-content\\\/uploads\\\/2019\\\/09\\\/Iarmarocul-sectiilor-sportive2.jpg\",\"width\":1322,\"height\":693,\"caption\":\"Iarmarocul sectiilor sportive Academia sportului\"},{\"@type\":\"BreadcrumbList\",\"@id\":\"https:\\\/\\\/sanatate.md\\\/ro\\\/academia-sportului-invita-copiii-laiarmarocul-sectiilor-sportive\\\/#breadcrumb\",\"itemListElement\":[{\"@type\":\"ListItem\",\"position\":1,\"name\":\"\u0413\u043b\u0430\u0432\u043d\u0430\u044f \u0441\u0442\u0440\u0430\u043d\u0438\u0446\u0430\",\"item\":\"https:\\\/\\\/sanatate.md\\\/ro\\\/\"},{\"@type\":\"ListItem\",\"position\":2,\"name\":\"Academia Sportului invit\u0103 copiii la cea de-a doua edi\u021bie a Iarmarocului sec\u021biilor sportive\"}]},{\"@type\":\"WebSite\",\"@id\":\"https:\\\/\\\/sanatate.md\\\/ro\\\/#website\",\"url\":\"https:\\\/\\\/sanatate.md\\\/ro\\\/\",\"name\":\"Sanatate.md\",\"description\":\"\u0416\u0443\u0440\u043d\u0430\u043b \u0434\u043b\u044f \u0432\u0441\u0435\u0439 \u0441\u0435\u043c\u044c\u0438 \u0432 \u041c\u043e\u043b\u0434\u043e\u0432\u0435\",\"publisher\":{\"@id\":\"https:\\\/\\\/sanatate.md\\\/ro\\\/#organization\"},\"potentialAction\":[{\"@type\":\"SearchAction\",\"target\":{\"@type\":\"EntryPoint\",\"urlTemplate\":\"https:\\\/\\\/sanatate.md\\\/ro\\\/?s={search_term_string}\"},\"query-input\":{\"@type\":\"PropertyValueSpecification\",\"valueRequired\":true,\"valueName\":\"search_term_string\"}}],\"inLanguage\":\"ro-RO\"},{\"@type\":\"Organization\",\"@id\":\"https:\\\/\\\/sanatate.md\\\/ro\\\/#organization\",\"name\":\"SANATATE\",\"url\":\"https:\\\/\\\/sanatate.md\\\/ro\\\/\",\"logo\":{\"@type\":\"ImageObject\",\"inLanguage\":\"ro-RO\",\"@id\":\"https:\\\/\\\/sanatate.md\\\/ro\\\/#\\\/schema\\\/logo\\\/image\\\/\",\"url\":\"https:\\\/\\\/sanatate.md\\\/wp-content\\\/uploads\\\/2022\\\/01\\\/sanatate-logo.svg\",\"contentUrl\":\"https:\\\/\\\/sanatate.md\\\/wp-content\\\/uploads\\\/2022\\\/01\\\/sanatate-logo.svg\",\"width\":\"1024\",\"height\":\"1024\",\"caption\":\"SANATATE\"},\"image\":{\"@id\":\"https:\\\/\\\/sanatate.md\\\/ro\\\/#\\\/schema\\\/logo\\\/image\\\/\"}},{\"@type\":\"Person\",\"@id\":\"https:\\\/\\\/sanatate.md\\\/ro\\\/#\\\/schema\\\/person\\\/e8be5aaef9dbf5f68ad56629ad479a17\",\"name\":\"Academia Sportului Anatolii Pervanciuc\",\"image\":{\"@type\":\"ImageObject\",\"inLanguage\":\"ro-RO\",\"@id\":\"https:\\\/\\\/secure.gravatar.com\\\/avatar\\\/9aedbd8b5f14a572ded5d6d2c49b385559ba27c6552156581e4ae710dd40a17f?s=96&d=mm&r=g\",\"url\":\"https:\\\/\\\/secure.gravatar.com\\\/avatar\\\/9aedbd8b5f14a572ded5d6d2c49b385559ba27c6552156581e4ae710dd40a17f?s=96&d=mm&r=g\",\"contentUrl\":\"https:\\\/\\\/secure.gravatar.com\\\/avatar\\\/9aedbd8b5f14a572ded5d6d2c49b385559ba27c6552156581e4ae710dd40a17f?s=96&d=mm&r=g\",\"caption\":\"Academia Sportului Anatolii Pervanciuc\"},\"description\":\"Academia Sportului Anatolii Pervanciuc Web site-ul: Academia sportului Anatolii Pervanciuc Contacte: \u0422\u0435\u043b\u0435\u0444\u043e\u043d\u044b: 022 549 333 \u0410\u0434\u0440\u0435\u0441: bul. Gagarin, 14, Chi\u0219in\u0103u Toate articole\",\"sameAs\":[\"https:\\\/\\\/www.facebook.com\\\/academia.sportului.anatolii.pervanciuc\\\/\"],\"url\":\"https:\\\/\\\/sanatate.md\\\/ro\\\/author\\\/academia-sportuluiro\\\/\"}]}<\/script>\n<!-- \/ Yoast SEO plugin. -->","yoast_head_json":{"title":"Academia Sportului invit\u0103 copiii la cea de-a doua edi\u021bie a Iarmarocului sec\u021biilor sportive","description":"Academia Sportului invit\u0103 copiii interesa\u021bi de sport la cea de-a doua edi\u021biea Iarmarocului sec\u021biilor sportive, 14 septembrie, \u00eentre orele 12.00-14.00","robots":{"index":"index","follow":"follow","max-snippet":"max-snippet:-1","max-image-preview":"max-image-preview:large","max-video-preview":"max-video-preview:-1"},"canonical":"https:\/\/sanatate.md\/ro\/academia-sportului-invita-copiii-laiarmarocul-sectiilor-sportive\/","og_locale":"ro_RO","og_type":"article","og_title":"Academia Sportului invit\u0103 copiii la cea de-a doua edi\u021bie a Iarmarocului sec\u021biilor sportive","og_description":"Academia Sportului invit\u0103 copiii interesa\u021bi de sport la cea de-a doua edi\u021biea Iarmarocului sec\u021biilor sportive, 14 septembrie, \u00eentre orele 12.00-14.00","og_url":"https:\/\/sanatate.md\/ro\/academia-sportului-invita-copiii-laiarmarocul-sectiilor-sportive\/","og_site_name":"Sanatate.md","article_author":"https:\/\/www.facebook.com\/academia.sportului.anatolii.pervanciuc\/","article_published_time":"2019-09-06T08:37:51+00:00","article_modified_time":"2019-09-06T08:51:25+00:00","og_image":[{"width":1322,"height":693,"url":"https:\/\/sanatate.md\/wp-content\/uploads\/2019\/09\/Iarmarocul-sectiilor-sportive2.jpg","type":"image\/jpeg"}],"author":"Academia Sportului Anatolii Pervanciuc","twitter_card":"summary_large_image","twitter_misc":{"Scris de":"Academia Sportului Anatolii Pervanciuc","Timp estimat pentru citire":"1 minut"},"schema":{"@context":"https:\/\/schema.org","@graph":[{"@type":"Article","@id":"https:\/\/sanatate.md\/ro\/academia-sportului-invita-copiii-laiarmarocul-sectiilor-sportive\/#article","isPartOf":{"@id":"https:\/\/sanatate.md\/ro\/academia-sportului-invita-copiii-laiarmarocul-sectiilor-sportive\/"},"author":{"name":"Academia Sportului Anatolii Pervanciuc","@id":"https:\/\/sanatate.md\/ro\/#\/schema\/person\/e8be5aaef9dbf5f68ad56629ad479a17"},"headline":"Academia Sportului invit\u0103 copiii la cea de-a doua edi\u021bie a Iarmarocului sec\u021biilor sportive","datePublished":"2019-09-06T08:37:51+00:00","dateModified":"2019-09-06T08:51:25+00:00","mainEntityOfPage":{"@id":"https:\/\/sanatate.md\/ro\/academia-sportului-invita-copiii-laiarmarocul-sectiilor-sportive\/"},"wordCount":244,"commentCount":0,"publisher":{"@id":"https:\/\/sanatate.md\/ro\/#organization"},"image":{"@id":"https:\/\/sanatate.md\/ro\/academia-sportului-invita-copiii-laiarmarocul-sectiilor-sportive\/#primaryimage"},"thumbnailUrl":"https:\/\/sanatate.md\/wp-content\/uploads\/2019\/09\/Iarmarocul-sectiilor-sportive2.jpg","keywords":["14 septembrie","Academia Sportului","Iarmarocului sec\u021biilor sportive"],"articleSection":["Mama \u0219i copil","Sport"],"inLanguage":"ro-RO","potentialAction":[{"@type":"CommentAction","name":"Comment","target":["https:\/\/sanatate.md\/ro\/academia-sportului-invita-copiii-laiarmarocul-sectiilor-sportive\/#respond"]}]},{"@type":"WebPage","@id":"https:\/\/sanatate.md\/ro\/academia-sportului-invita-copiii-laiarmarocul-sectiilor-sportive\/","url":"https:\/\/sanatate.md\/ro\/academia-sportului-invita-copiii-laiarmarocul-sectiilor-sportive\/","name":"Academia Sportului invit\u0103 copiii la cea de-a doua edi\u021bie a Iarmarocului sec\u021biilor sportive","isPartOf":{"@id":"https:\/\/sanatate.md\/ro\/#website"},"primaryImageOfPage":{"@id":"https:\/\/sanatate.md\/ro\/academia-sportului-invita-copiii-laiarmarocul-sectiilor-sportive\/#primaryimage"},"image":{"@id":"https:\/\/sanatate.md\/ro\/academia-sportului-invita-copiii-laiarmarocul-sectiilor-sportive\/#primaryimage"},"thumbnailUrl":"https:\/\/sanatate.md\/wp-content\/uploads\/2019\/09\/Iarmarocul-sectiilor-sportive2.jpg","datePublished":"2019-09-06T08:37:51+00:00","dateModified":"2019-09-06T08:51:25+00:00","description":"Academia Sportului invit\u0103 copiii interesa\u021bi de sport la cea de-a doua edi\u021biea Iarmarocului sec\u021biilor sportive, 14 septembrie, \u00eentre orele 12.00-14.00","breadcrumb":{"@id":"https:\/\/sanatate.md\/ro\/academia-sportului-invita-copiii-laiarmarocul-sectiilor-sportive\/#breadcrumb"},"inLanguage":"ro-RO","potentialAction":[{"@type":"ReadAction","target":["https:\/\/sanatate.md\/ro\/academia-sportului-invita-copiii-laiarmarocul-sectiilor-sportive\/"]}]},{"@type":"ImageObject","inLanguage":"ro-RO","@id":"https:\/\/sanatate.md\/ro\/academia-sportului-invita-copiii-laiarmarocul-sectiilor-sportive\/#primaryimage","url":"https:\/\/sanatate.md\/wp-content\/uploads\/2019\/09\/Iarmarocul-sectiilor-sportive2.jpg","contentUrl":"https:\/\/sanatate.md\/wp-content\/uploads\/2019\/09\/Iarmarocul-sectiilor-sportive2.jpg","width":1322,"height":693,"caption":"Iarmarocul sectiilor sportive Academia sportului"},{"@type":"BreadcrumbList","@id":"https:\/\/sanatate.md\/ro\/academia-sportului-invita-copiii-laiarmarocul-sectiilor-sportive\/#breadcrumb","itemListElement":[{"@type":"ListItem","position":1,"name":"\u0413\u043b\u0430\u0432\u043d\u0430\u044f \u0441\u0442\u0440\u0430\u043d\u0438\u0446\u0430","item":"https:\/\/sanatate.md\/ro\/"},{"@type":"ListItem","position":2,"name":"Academia Sportului invit\u0103 copiii la cea de-a doua edi\u021bie a Iarmarocului sec\u021biilor sportive"}]},{"@type":"WebSite","@id":"https:\/\/sanatate.md\/ro\/#website","url":"https:\/\/sanatate.md\/ro\/","name":"Sanatate.md","description":"\u0416\u0443\u0440\u043d\u0430\u043b \u0434\u043b\u044f \u0432\u0441\u0435\u0439 \u0441\u0435\u043c\u044c\u0438 \u0432 \u041c\u043e\u043b\u0434\u043e\u0432\u0435","publisher":{"@id":"https:\/\/sanatate.md\/ro\/#organization"},"potentialAction":[{"@type":"SearchAction","target":{"@type":"EntryPoint","urlTemplate":"https:\/\/sanatate.md\/ro\/?s={search_term_string}"},"query-input":{"@type":"PropertyValueSpecification","valueRequired":true,"valueName":"search_term_string"}}],"inLanguage":"ro-RO"},{"@type":"Organization","@id":"https:\/\/sanatate.md\/ro\/#organization","name":"SANATATE","url":"https:\/\/sanatate.md\/ro\/","logo":{"@type":"ImageObject","inLanguage":"ro-RO","@id":"https:\/\/sanatate.md\/ro\/#\/schema\/logo\/image\/","url":"https:\/\/sanatate.md\/wp-content\/uploads\/2022\/01\/sanatate-logo.svg","contentUrl":"https:\/\/sanatate.md\/wp-content\/uploads\/2022\/01\/sanatate-logo.svg","width":"1024","height":"1024","caption":"SANATATE"},"image":{"@id":"https:\/\/sanatate.md\/ro\/#\/schema\/logo\/image\/"}},{"@type":"Person","@id":"https:\/\/sanatate.md\/ro\/#\/schema\/person\/e8be5aaef9dbf5f68ad56629ad479a17","name":"Academia Sportului Anatolii Pervanciuc","image":{"@type":"ImageObject","inLanguage":"ro-RO","@id":"https:\/\/secure.gravatar.com\/avatar\/9aedbd8b5f14a572ded5d6d2c49b385559ba27c6552156581e4ae710dd40a17f?s=96&d=mm&r=g","url":"https:\/\/secure.gravatar.com\/avatar\/9aedbd8b5f14a572ded5d6d2c49b385559ba27c6552156581e4ae710dd40a17f?s=96&d=mm&r=g","contentUrl":"https:\/\/secure.gravatar.com\/avatar\/9aedbd8b5f14a572ded5d6d2c49b385559ba27c6552156581e4ae710dd40a17f?s=96&d=mm&r=g","caption":"Academia Sportului Anatolii Pervanciuc"},"description":"Academia Sportului Anatolii Pervanciuc Web site-ul: Academia sportului Anatolii Pervanciuc Contacte: \u0422\u0435\u043b\u0435\u0444\u043e\u043d\u044b: 022 549 333 \u0410\u0434\u0440\u0435\u0441: bul. Gagarin, 14, Chi\u0219in\u0103u Toate articole","sameAs":["https:\/\/www.facebook.com\/academia.sportului.anatolii.pervanciuc\/"],"url":"https:\/\/sanatate.md\/ro\/author\/academia-sportuluiro\/"}]}},"_links":{"self":[{"href":"https:\/\/sanatate.md\/ro\/wp-json\/wp\/v2\/posts\/75846","targetHints":{"allow":["GET"]}}],"collection":[{"href":"https:\/\/sanatate.md\/ro\/wp-json\/wp\/v2\/posts"}],"about":[{"href":"https:\/\/sanatate.md\/ro\/wp-json\/wp\/v2\/types\/post"}],"author":[{"embeddable":true,"href":"https:\/\/sanatate.md\/ro\/wp-json\/wp\/v2\/users\/810"}],"replies":[{"embeddable":true,"href":"https:\/\/sanatate.md\/ro\/wp-json\/wp\/v2\/comments?post=75846"}],"version-history":[{"count":0,"href":"https:\/\/sanatate.md\/ro\/wp-json\/wp\/v2\/posts\/75846\/revisions"}],"wp:featuredmedia":[{"embeddable":true,"href":"https:\/\/sanatate.md\/ro\/wp-json\/wp\/v2\/media\/75843"}],"wp:attachment":[{"href":"https:\/\/sanatate.md\/ro\/wp-json\/wp\/v2\/media?parent=75846"}],"wp:term":[{"taxonomy":"category","embeddable":true,"href":"https:\/\/sanatate.md\/ro\/wp-json\/wp\/v2\/categories?post=75846"},{"taxonomy":"post_tag","embeddable":true,"href":"https:\/\/sanatate.md\/ro\/wp-json\/wp\/v2\/tags?post=75846"}],"curies":[{"name":"wp","href":"https:\/\/api.w.org\/{rel}","templated":true}]}}